[{"@context":"https:\/\/schema.org\/","@type":"Article","@id":"https:\/\/www.fraxis.sk\/vyssi-zaujem-o-lietanie-z-nasho-hlavneho-letiska\/#Article","mainEntityOfPage":"https:\/\/www.fraxis.sk\/vyssi-zaujem-o-lietanie-z-nasho-hlavneho-letiska\/","headline":"Vy\u0161\u0161\u00ed z\u00e1ujem o lietanie z n\u00e1\u0161ho hlavn\u00e9ho letiska","name":"Vy\u0161\u0161\u00ed z\u00e1ujem o lietanie z n\u00e1\u0161ho hlavn\u00e9ho letiska","description":"Asi ka\u017ed\u00fd ob\u010dan Slovenska, ktor\u00fd bol niekedy letecky v\u00a0zahrani\u010d\u00ed letel z\u00a0letiska Milana Rastislava \u0160tef\u00e1nika v\u00a0Bratislave. Pod\u013ea najnov\u0161\u00edch \u0161tatist\u00edk lieta z\u00a0tohto [&hellip;]","datePublished":"2019-11-06","dateModified":"2019-11-06","author":{"@type":"Person","@id":"https:\/\/www.fraxis.sk\/author\/#Person","name":"","url":"https:\/\/www.fraxis.sk\/author\/","identifier":1,"image":{"@type":"ImageObject","@id":"https:\/\/secure.gravatar.com\/avatar\/dac37d998cdbc92cc7ee5d23d4d689a369122af40c5450007470acab45b61d68?s=96&d=mm&r=g","url":"https:\/\/secure.gravatar.com\/avatar\/dac37d998cdbc92cc7ee5d23d4d689a369122af40c5450007470acab45b61d68?s=96&d=mm&r=g","height":96,"width":96}},"publisher":{"@type":"Organization","name":"fraxis.sk","logo":{"@type":"ImageObject","@id":"\/logo.png","url":"\/logo.png","width":600,"height":60}},"image":{"@type":"ImageObject","@id":"https:\/\/www.fraxis.sk\/wp-content\/uploads\/img_a300257_w16618_t1556557837.jpg","url":"https:\/\/www.fraxis.sk\/wp-content\/uploads\/img_a300257_w16618_t1556557837.jpg","height":0,"width":0},"url":"https:\/\/www.fraxis.sk\/vyssi-zaujem-o-lietanie-z-nasho-hlavneho-letiska\/","wordCount":360,"articleBody":"Asi ka\u017ed\u00fd ob\u010dan Slovenska, ktor\u00fd bol niekedy letecky v\u00a0zahrani\u010d\u00ed letel z\u00a0letiska Milana Rastislava \u0160tef\u00e1nika v\u00a0Bratislave. Pod\u013ea najnov\u0161\u00edch \u0161tatist\u00edk lieta z\u00a0tohto letiska st\u00e1le viac a\u00a0viac \u013eud\u00ed. To potvrdil aj posledn\u00fd prieskum, v\u00a0ktorom zaznamenali vy\u0161\u0161\u00ed po\u010det cestuj\u00facich za prv\u00fd \u0161tvr\u0165rok, n\u00e1rast a\u017e o\u00a09%. V\u00a0tomto roku u\u017e priletelo alebo odletelo a\u017e 385\u00a0650 pasa\u017eierov. Pod\u013ea hovorkyne letiska Veronike \u0160ev\u010d\u00edkovej ide o\u00a0druh\u00fd najvy\u0161\u0161\u00ed po\u010det cestuj\u00facich v\u00a01. \u0161tvr\u0165roku v\u00a0celej hist\u00f3ri\u00ed n\u00e1\u0161ho letiska. Najvy\u0161\u0161\u00ed po\u010det cestuj\u00facich odlieta, a z\u00e1rove\u0148 prilieta do Lond\u00fdna, Dublinu \u010di Kyjeva. Za mesiace marec, febru\u00e1r a\u00a0janu\u00e1r spolu 5453 letov. \u201eO n\u00e1rast sa pri\u010dinili nov\u00e9 linky v medzin\u00e1rodnej pravidelnej doprave, teda linky do Kyjeva-Boryspi\u013eu a \u017duljany, Lond\u00fdna-Lutonu, do ukrajinsk\u00e9ho mesta \u013dvov, \u010di do Marr\u00e1ke\u0161a v Maroku a\u00a0teda aj z nich do Bratislavy,&#8220;\u00a0povedala hovorky\u0148a.Samotn\u00fd marec bol pre letisko historick\u00fd. Uskuto\u010dnilo sa tu vtedy a\u017e 2110 odletov. To znamen\u00e1 o\u00a0tri percent\u00e1 viac, ako vlani. Priletelo k\u00a0n\u00e1m a\u017e o\u00a0osem percent viac pasa\u017eierov.\u00a0Letisko m\u00e1 dosta\u0165 finan\u010dn\u00fa pomocRozhodol o\u00a0tom parlament na zasadnut\u00ed v\u00a0apr\u00edli. Novela z\u00e1kona by mala by\u0165 platn\u00e1 od prv\u00e9ho j\u00fala 2019.\u201eEur\u00f3pska legislat\u00edva sa men\u00ed a mo\u017enosti invest\u00edci\u00ed do let\u00edsk s\u00fa mal\u00e9. Museli sme preto t\u00fato legislat\u00edvu prisp\u00f4sobi\u0165 tej eur\u00f3pskej,\u201c dodal po zasadnut\u00ed parlamentu minister dopravy Arp\u00e1d \u00c9rsek.Tento rok vyjde v\u00fd\u0161ka dot\u00e1ci\u00ed 6 mili\u00f3nov eur. Doteraz \u0161t\u00e1t poskytoval letisku dot\u00e1cie len v\u00a0r\u00e1mci mo\u017enost\u00ed v oblasti civiln\u00e9ho letectva dot\u00e1cie letiskov\u00fdm spolo\u010dnostiam na \u00fa\u010dely bezpe\u010dnostnej ochrany let\u00edsk, v\u00fdkonu z\u00e1chrann\u00fdch a hasi\u010dsk\u00fdch slu\u017eieb a dot\u00e1cie poskytovate\u013eovi letov\u00fdch prev\u00e1dzkov\u00fdch slu\u017eieb na \u00fa\u010del poskytovania letov\u00fdch prev\u00e1dzkov\u00fdch slu\u017eieb letom osloboden\u00fdm od odpl\u00e1t.\u0160t\u00e1tna pomoc by mala \u00eds\u0165 na invest\u00edcie a\u00a0prev\u00e1dzku do infra\u0161trukt\u00fary bratislavsk\u00e9ho letiska.                                                                                                                                                                                                                                                                                                                                                                                        4.8\/5 - (6 votes)        "},{"@context":"https:\/\/schema.org\/","@type":"BreadcrumbList","itemListElement":[{"@type":"ListItem","position":1,"name":"Vy\u0161\u0161\u00ed z\u00e1ujem o lietanie z n\u00e1\u0161ho hlavn\u00e9ho letiska","item":"https:\/\/www.fraxis.sk\/vyssi-zaujem-o-lietanie-z-nasho-hlavneho-letiska\/#breadcrumbitem"}]}]